{"id":7642,"date":"2018-06-03T23:09:34","date_gmt":"2018-06-03T21:09:34","guid":{"rendered":"https:\/\/www.rg16.at\/?p=7642"},"modified":"2018-06-03T23:09:34","modified_gmt":"2018-06-03T21:09:34","slug":"asics-oesterreichischer-frauenlauf-2018","status":"publish","type":"post","link":"https:\/\/www.rg16.at\/index.php\/2018\/06\/03\/asics-oesterreichischer-frauenlauf-2018\/","title":{"rendered":"Asics \u00d6sterreichischer Frauenlauf 2018"},"content":{"rendered":"<p><span style=\"margin: 0px;line-height: 107%;font-family: 'Times New Roman',serif;font-size: 12pt\"><span style=\"color: #000000\">27.Mai 2018- an diesem Tag machten sich unz\u00e4hlige junge M\u00e4dchen und Frauen bereits zeitig in der Fr\u00fch auf den Weg zum 31. Wiener Frauenlauf. So auch vierzehn motivierte Sch\u00fclerinnen und 12 laufbegeisterte Lehrerinnen unserer Schule.<\/span><\/span><\/p>\n<p><span style=\"margin: 0px;line-height: 107%;font-family: 'Times New Roman',serif;font-size: 12pt\"><span style=\"color: #000000\">Wir trafen uns bereits um 8:15 im Prater, um die Herausforderung, eine 5km lange Laufstecke zu absolvieren, anzunehmen. Vor dem Lauf wurden noch schnell die Startnummern und die Zeitnehmungschips verteilt, sowie Tipps und Informationen ausgetauscht.<\/span><\/span><\/p>\n<p><span style=\"margin: 0px;line-height: 107%;font-family: 'Times New Roman',serif;font-size: 12pt\"><span style=\"color: #000000\">Dann ging es auch schon los und die Gruppe machte sich auf den Weg zum Startblock. Je n\u00e4her die Startlinie kam, desto nerv\u00f6ser und aufgeregter wurden die Sch\u00fclerinnen (ebenso ein paar Lehrerinnen). Der Startschuss fiel und es setzten sich alle in Bewegung. Durch die super Stimmung vor dem Lauf, w\u00e4hrend des Laufes am Streckenrand und zum Schluss im Ziel, konnten alle den Lauf mit Bravour beenden und das Event wurde f\u00fcr Gro\u00df und Klein zu einem tollen Erlebnis.<\/span><\/span><\/p>\n<p><span style=\"margin: 0px;line-height: 107%;font-family: 'Times New Roman',serif;font-size: 12pt\"><span style=\"color: #000000\">Alle L\u00e4uferinnen k\u00f6nnen sehr stolz auf ihre gro\u00dfartigen Leistungen sein und sind hoffentlich n\u00e4chstes Jahr wieder bei diesem Laufevent am Start!<\/span><\/span><\/p>\n<p><span style=\"margin: 0px;line-height: 107%;font-family: 'Times New Roman',serif;font-size: 12pt\"><span style=\"color: #000000\">Mag. Nina Obrowsky<\/span><\/span><\/p>\n<div id=\"attachment_7643\" style=\"width: 310px\" class=\"wp-caption alignnone\"><a href=\"https:\/\/www.rg16.at\/wp-content\/uploads\/2018\/06\/IMG_4859-1.jpg\"><img aria-describedby=\"caption-attachment-7643\" decoding=\"async\" loading=\"lazy\" class=\"size-medium wp-image-7643\" src=\"https:\/\/www.rg16.at\/wp-content\/uploads\/2018\/06\/IMG_4859-1-300x225.jpg\" alt=\"\" width=\"300\" height=\"225\" srcset=\"https:\/\/www.rg16.at\/wp-content\/uploads\/2018\/06\/IMG_4859-1-300x225.jpg 300w, https:\/\/www.rg16.at\/wp-content\/uploads\/2018\/06\/IMG_4859-1-768x576.jpg 768w, https:\/\/www.rg16.at\/wp-content\/uploads\/2018\/06\/IMG_4859-1.jpg 1024w\" sizes=\"(max-width: 300px) 100vw, 300px\" \/><\/a><p id=\"caption-attachment-7643\" class=\"wp-caption-text\">Die L\u00e4uferinnen<\/p><\/div>\n<div id=\"attachment_7641\" style=\"width: 210px\" class=\"wp-caption alignnone\"><a href=\"https:\/\/www.rg16.at\/wp-content\/uploads\/2018\/06\/P5279519.jpg\"><img aria-describedby=\"caption-attachment-7641\" decoding=\"async\" loading=\"lazy\" class=\"size-medium wp-image-7641\" src=\"https:\/\/www.rg16.at\/wp-content\/uploads\/2018\/06\/P5279519-200x300.jpg\" alt=\"\" width=\"200\" height=\"300\" srcset=\"https:\/\/www.rg16.at\/wp-content\/uploads\/2018\/06\/P5279519-200x300.jpg 200w, https:\/\/www.rg16.at\/wp-content\/uploads\/2018\/06\/P5279519.jpg 683w\" sizes=\"(max-width: 200px) 100vw, 200px\" \/><\/a><p id=\"caption-attachment-7641\" class=\"wp-caption-text\">J\u00fcngste und \u00e4lteste L\u00e4uferin des BRG 16<\/p><\/div>\n<p><a href=\"https:\/\/www.rg16.at\/wp-content\/uploads\/2018\/06\/P5279510.jpg\"><img decoding=\"async\" loading=\"lazy\" class=\"alignnone size-medium wp-image-7640\" src=\"https:\/\/www.rg16.at\/wp-content\/uploads\/2018\/06\/P5279510-300x200.jpg\" alt=\"\" width=\"300\" height=\"200\" srcset=\"https:\/\/www.rg16.at\/wp-content\/uploads\/2018\/06\/P5279510-300x200.jpg 300w, https:\/\/www.rg16.at\/wp-content\/uploads\/2018\/06\/P5279510-768x512.jpg 768w, https:\/\/www.rg16.at\/wp-content\/uploads\/2018\/06\/P5279510.jpg 1024w\" sizes=\"(max-width: 300px) 100vw, 300px\" \/><\/a><\/p>\n<div id=\"attachment_7639\" style=\"width: 310px\" class=\"wp-caption alignnone\"><a href=\"https:\/\/www.rg16.at\/wp-content\/uploads\/2018\/06\/P5279505.jpg\"><img aria-describedby=\"caption-attachment-7639\" decoding=\"async\" loading=\"lazy\" class=\"size-medium wp-image-7639\" src=\"https:\/\/www.rg16.at\/wp-content\/uploads\/2018\/06\/P5279505-300x200.jpg\" alt=\"\" width=\"300\" height=\"200\" srcset=\"https:\/\/www.rg16.at\/wp-content\/uploads\/2018\/06\/P5279505-300x200.jpg 300w, https:\/\/www.rg16.at\/wp-content\/uploads\/2018\/06\/P5279505-768x512.jpg 768w, https:\/\/www.rg16.at\/wp-content\/uploads\/2018\/06\/P5279505.jpg 1024w\" sizes=\"(max-width: 300px) 100vw, 300px\" \/><\/a><p id=\"caption-attachment-7639\" class=\"wp-caption-text\">Auf dem Weg zum Start<\/p><\/div>\n<div id=\"attachment_7638\" style=\"width: 310px\" class=\"wp-caption alignnone\"><a href=\"https:\/\/www.rg16.at\/wp-content\/uploads\/2018\/06\/P5279503.jpg\"><img aria-describedby=\"caption-attachment-7638\" decoding=\"async\" loading=\"lazy\" class=\"size-medium wp-image-7638\" src=\"https:\/\/www.rg16.at\/wp-content\/uploads\/2018\/06\/P5279503-300x200.jpg\" alt=\"\" width=\"300\" height=\"200\" srcset=\"https:\/\/www.rg16.at\/wp-content\/uploads\/2018\/06\/P5279503-300x200.jpg 300w, https:\/\/www.rg16.at\/wp-content\/uploads\/2018\/06\/P5279503-768x512.jpg 768w, https:\/\/www.rg16.at\/wp-content\/uploads\/2018\/06\/P5279503.jpg 1024w\" sizes=\"(max-width: 300px) 100vw, 300px\" \/><\/a><p id=\"caption-attachment-7638\" class=\"wp-caption-text\">Auf dem Weg zum Start<\/p><\/div>\n<p><a href=\"https:\/\/www.rg16.at\/wp-content\/uploads\/2018\/06\/IMG-20180528-WA0011.jpg\"><img decoding=\"async\" loading=\"lazy\" class=\"alignnone size-medium wp-image-7637\" src=\"https:\/\/www.rg16.at\/wp-content\/uploads\/2018\/06\/IMG-20180528-WA0011-225x300.jpg\" alt=\"\" width=\"225\" height=\"300\" srcset=\"https:\/\/www.rg16.at\/wp-content\/uploads\/2018\/06\/IMG-20180528-WA0011-225x300.jpg 225w, https:\/\/www.rg16.at\/wp-content\/uploads\/2018\/06\/IMG-20180528-WA0011.jpg 768w\" sizes=\"(max-width: 225px) 100vw, 225px\" \/><\/a><a href=\"https:\/\/www.rg16.at\/wp-content\/uploads\/2018\/06\/IMG-20180528-WA0008.jpg\"><img decoding=\"async\" loading=\"lazy\" class=\"alignnone size-medium wp-image-7636\" src=\"https:\/\/www.rg16.at\/wp-content\/uploads\/2018\/06\/IMG-20180528-WA0008-225x300.jpg\" alt=\"\" width=\"225\" height=\"300\" srcset=\"https:\/\/www.rg16.at\/wp-content\/uploads\/2018\/06\/IMG-20180528-WA0008-225x300.jpg 225w, https:\/\/www.rg16.at\/wp-content\/uploads\/2018\/06\/IMG-20180528-WA0008.jpg 768w\" sizes=\"(max-width: 225px) 100vw, 225px\" \/><\/a> <a href=\"https:\/\/www.rg16.at\/wp-content\/uploads\/2018\/06\/IMG-20180528-WA0000.jpg\"><img decoding=\"async\" loading=\"lazy\" class=\"alignnone size-medium wp-image-7635\" src=\"https:\/\/www.rg16.at\/wp-content\/uploads\/2018\/06\/IMG-20180528-WA0000-225x300.jpg\" alt=\"\" width=\"225\" height=\"300\" srcset=\"https:\/\/www.rg16.at\/wp-content\/uploads\/2018\/06\/IMG-20180528-WA0000-225x300.jpg 225w, https:\/\/www.rg16.at\/wp-content\/uploads\/2018\/06\/IMG-20180528-WA0000.jpg 768w\" sizes=\"(max-width: 225px) 100vw, 225px\" \/><\/a><\/p>\n<div id=\"attachment_7632\" style=\"width: 310px\" class=\"wp-caption alignnone\"><a href=\"https:\/\/www.rg16.at\/wp-content\/uploads\/2018\/06\/IMG_4864.jpg\"><img aria-describedby=\"caption-attachment-7632\" decoding=\"async\" loading=\"lazy\" class=\"size-medium wp-image-7632\" src=\"https:\/\/www.rg16.at\/wp-content\/uploads\/2018\/06\/IMG_4864-300x225.jpg\" alt=\"\" width=\"300\" height=\"225\" srcset=\"https:\/\/www.rg16.at\/wp-content\/uploads\/2018\/06\/IMG_4864-300x225.jpg 300w, https:\/\/www.rg16.at\/wp-content\/uploads\/2018\/06\/IMG_4864-768x576.jpg 768w, https:\/\/www.rg16.at\/wp-content\/uploads\/2018\/06\/IMG_4864.jpg 1024w\" sizes=\"(max-width: 300px) 100vw, 300px\" \/><\/a><p id=\"caption-attachment-7632\" class=\"wp-caption-text\">Die 5km L\u00e4uferinnen \u00a0\u00a0<\/p><\/div>\n<p><a href=\"https:\/\/www.rg16.at\/wp-content\/uploads\/2018\/06\/IMG_4870.jpg\"><img decoding=\"async\" loading=\"lazy\" class=\"alignnone size-medium wp-image-7633\" src=\"https:\/\/www.rg16.at\/wp-content\/uploads\/2018\/06\/IMG_4870-300x225.jpg\" alt=\"\" width=\"300\" height=\"225\" srcset=\"https:\/\/www.rg16.at\/wp-content\/uploads\/2018\/06\/IMG_4870-300x225.jpg 300w, https:\/\/www.rg16.at\/wp-content\/uploads\/2018\/06\/IMG_4870-768x576.jpg 768w, https:\/\/www.rg16.at\/wp-content\/uploads\/2018\/06\/IMG_4870.jpg 1024w\" sizes=\"(max-width: 300px) 100vw, 300px\" \/><\/a><\/p>\n<div id=\"attachment_7634\" style=\"width: 234px\" class=\"wp-caption alignnone\"><a href=\"https:\/\/www.rg16.at\/wp-content\/uploads\/2018\/06\/IMG-20180527-WA0004.jpg\"><img aria-describedby=\"caption-attachment-7634\" decoding=\"async\" loading=\"lazy\" class=\"size-medium wp-image-7634\" src=\"https:\/\/www.rg16.at\/wp-content\/uploads\/2018\/06\/IMG-20180527-WA0004-224x300.jpg\" alt=\"\" width=\"224\" height=\"300\" srcset=\"https:\/\/www.rg16.at\/wp-content\/uploads\/2018\/06\/IMG-20180527-WA0004-224x300.jpg 224w, https:\/\/www.rg16.at\/wp-content\/uploads\/2018\/06\/IMG-20180527-WA0004.jpg 765w\" sizes=\"(max-width: 224px) 100vw, 224px\" \/><\/a><p id=\"caption-attachment-7634\" class=\"wp-caption-text\">Die 10km L\u00e4uferinnen<\/p><\/div>\n<p>&nbsp;<\/p>\n","protected":false},"excerpt":{"rendered":"<p>27.Mai 2018- an diesem Tag machten sich unz\u00e4hlige junge M\u00e4dchen und Frauen bereits zeitig in der Fr\u00fch auf den Weg zum 31. Wiener Frauenlauf. So auch vierzehn motivierte Sch\u00fclerinnen und 12 laufbegeisterte Lehrerinnen unserer Schule. Wir trafen uns bereits um<\/p>\n","protected":false},"author":47,"featured_media":7643,"comment_status":"closed","ping_status":"closed","sticky":false,"template":"","format":"standard","meta":[],"categories":[337],"tags":[],"_links":{"self":[{"href":"https:\/\/www.rg16.at\/index.php\/wp-json\/wp\/v2\/posts\/7642"}],"collection":[{"href":"https:\/\/www.rg16.at\/index.php\/wp-json\/wp\/v2\/posts"}],"about":[{"href":"https:\/\/www.rg16.at\/index.php\/wp-json\/wp\/v2\/types\/post"}],"author":[{"embeddable":true,"href":"https:\/\/www.rg16.at\/index.php\/wp-json\/wp\/v2\/users\/47"}],"replies":[{"embeddable":true,"href":"https:\/\/www.rg16.at\/index.php\/wp-json\/wp\/v2\/comments?post=7642"}],"version-history":[{"count":3,"href":"https:\/\/www.rg16.at\/index.php\/wp-json\/wp\/v2\/posts\/7642\/revisions"}],"predecessor-version":[{"id":7646,"href":"https:\/\/www.rg16.at\/index.php\/wp-json\/wp\/v2\/posts\/7642\/revisions\/7646"}],"wp:featuredmedia":[{"embeddable":true,"href":"https:\/\/www.rg16.at\/index.php\/wp-json\/wp\/v2\/media\/7643"}],"wp:attachment":[{"href":"https:\/\/www.rg16.at\/index.php\/wp-json\/wp\/v2\/media?parent=7642"}],"wp:term":[{"taxonomy":"category","embeddable":true,"href":"https:\/\/www.rg16.at\/index.php\/wp-json\/wp\/v2\/categories?post=7642"},{"taxonomy":"post_tag","embeddable":true,"href":"https:\/\/www.rg16.at\/index.php\/wp-json\/wp\/v2\/tags?post=7642"}],"curies":[{"name":"wp","href":"https:\/\/api.w.org\/{rel}","templated":true}]}}