{"id":4165,"date":"2016-06-13T08:19:40","date_gmt":"2016-06-13T06:19:40","guid":{"rendered":"http:\/\/www.rg16.at\/?p=4165"},"modified":"2016-06-13T08:20:33","modified_gmt":"2016-06-13T06:20:33","slug":"vortrag-des-zeitzeugen-prof-rudolf-gelbard","status":"publish","type":"post","link":"https:\/\/www.rg16.at\/index.php\/2016\/06\/13\/vortrag-des-zeitzeugen-prof-rudolf-gelbard\/","title":{"rendered":"Vortrag des Zeitzeugen Prof. Rudolf Gelbard"},"content":{"rendered":"<p><strong>ZEITZEUGE PROFESSOR RUDOLF GELBARD AM BRG 16<\/strong><\/p>\n<p>Einer der wenigen \u00fcberlebenden Zeitzeugen, welcher die Qualen der NS-Zeit miterlebt hat, besuchte am 19.04.2016 das BRG 16 und hielt einen Vortrag.<\/p>\n<p><strong>Professor Rudolf Gelbard<\/strong> wurde am 04. Dezember 1930 in Wien geboren und hat schon als Kind den Holocaust miterlebt. Da er Jude war, wurde er von den SS-Leuten verfolgt und ins Konzentrationslager Theresienstadt deportiert. Dort hat Rudolf Gelbard viele schreckliche Momente erlebt, wie zum Beispiel hat er gesehen, wie ein Kamerad mit einer Schaufel totgeschlagen worden ist. Er und seine Eltern waren 2 \u00bd Jahre inhaftiert, bis sie von den russischen Truppen befreit worden sind. Rudolf Gelbard konnte nur \u00fcberleben, weil seine Mutter in einem kriegswirtschaftlichen Betrieb t\u00e4tig war. Andere Kinder sind vom Konzentrationslager Theresienstadt in Vernichtungsfabriken wie Auschwitz deportiert worden. Rudolf Gelbard hat in dieser Zeit solidarisches Handeln gelernt. Nach der Befreiung sind seine Eltern an den Folgen der Inhaftierung verstorben. Er hat seine gesamte Schulbildung nachgeholt. Nach der Befreiung k\u00e4mpfte er gegen den Nationalsozialismus an und ist seitdem Mitglied der \u201eSozialdemokratischen Freiheitsk\u00e4mpfer\u201c. Rudolf Gelbard war unter anderem Teil des St\u00fcckes \u201eWir sind die Letzten\u201c, welches im Wiener Burgtheater bis 2015 aufgef\u00fchrt worden ist. Noch heute h\u00e4lt er verschiedene Vortr\u00e4ge a ls Zeitzeuge. Da er viele Menschen \u00fcber das Verbrechen aufgekl\u00e4rt hat, hat er den Titel \u201eProfessor\u201c verliehen bekommen. Au\u00dferdem wurde eine Dokumentation, sowie ein Buch \u00fcber Rudolf Gelbard ver\u00f6ffentlicht.<\/p>\n<p>Am 19. April 2016 wurden die Oberstufenklassen des BRG16 zu einer zeitgeschichtlichen Veranstaltung eingeladen. Im ersten Teil wurde den Sch\u00fclern und Sch\u00fclerinnen der Dokumentarfilm <strong>\u201eDer Mann auf dem Balkon\u201c<\/strong> \u00fcber Professor Rudolf Gelbard gezeigt. Im Anschluss hielt Gelbard einen sehr fesselnden Vortrag \u00fcber die 21 Verbrechen des Nationalsozialismus. Zum Schluss hatten einige Sch\u00fcler und Sch\u00fclerinnen die M\u00f6glichkeit, Fragen zu stellen.<\/p>\n<p>Daraus haben wir alle gelernt, dass man heute das Leben sch\u00e4tzen soll und dass so etwas Grausames nicht mehr passieren darf.<\/p>\n<p><a href=\"http:\/\/www.rg16.at\/wp-content\/uploads\/2016\/06\/Vortrag-Prof.-Gelberd-3.jpg\"><img decoding=\"async\" loading=\"lazy\" class=\"alignnone size-medium wp-image-4169\" src=\"http:\/\/www.rg16.at\/wp-content\/uploads\/2016\/06\/Vortrag-Prof.-Gelberd-3-169x300.jpg\" alt=\"Vortrag Prof. Gelberd (3)\" width=\"169\" height=\"300\" srcset=\"https:\/\/www.rg16.at\/wp-content\/uploads\/2016\/06\/Vortrag-Prof.-Gelberd-3-169x300.jpg 169w, https:\/\/www.rg16.at\/wp-content\/uploads\/2016\/06\/Vortrag-Prof.-Gelberd-3-576x1024.jpg 576w, https:\/\/www.rg16.at\/wp-content\/uploads\/2016\/06\/Vortrag-Prof.-Gelberd-3.jpg 720w\" sizes=\"(max-width: 169px) 100vw, 169px\" \/><\/a> <a href=\"http:\/\/www.rg16.at\/wp-content\/uploads\/2016\/06\/IMG_7488.jpg\"><img decoding=\"async\" loading=\"lazy\" class=\"alignnone size-medium wp-image-4168\" src=\"http:\/\/www.rg16.at\/wp-content\/uploads\/2016\/06\/IMG_7488-225x300.jpg\" alt=\"IMG_7488\" width=\"225\" height=\"300\" srcset=\"https:\/\/www.rg16.at\/wp-content\/uploads\/2016\/06\/IMG_7488-225x300.jpg 225w, https:\/\/www.rg16.at\/wp-content\/uploads\/2016\/06\/IMG_7488-768x1024.jpg 768w\" sizes=\"(max-width: 225px) 100vw, 225px\" \/><\/a> <a href=\"http:\/\/www.rg16.at\/wp-content\/uploads\/2016\/06\/Vortrag-Prof.-Gelberd-7.jpg\"><img decoding=\"async\" loading=\"lazy\" class=\"alignnone size-medium wp-image-4167\" src=\"http:\/\/www.rg16.at\/wp-content\/uploads\/2016\/06\/Vortrag-Prof.-Gelberd-7-225x300.jpg\" alt=\"Vortrag Prof. Gelberd (7)\" width=\"225\" height=\"300\" srcset=\"https:\/\/www.rg16.at\/wp-content\/uploads\/2016\/06\/Vortrag-Prof.-Gelberd-7-225x300.jpg 225w, https:\/\/www.rg16.at\/wp-content\/uploads\/2016\/06\/Vortrag-Prof.-Gelberd-7-768x1024.jpg 768w\" sizes=\"(max-width: 225px) 100vw, 225px\" \/><\/a> <a href=\"http:\/\/www.rg16.at\/wp-content\/uploads\/2016\/06\/Vortrag-Prof.-Gelberd-5.jpg\"><img decoding=\"async\" loading=\"lazy\" class=\"alignnone size-medium wp-image-4166\" src=\"http:\/\/www.rg16.at\/wp-content\/uploads\/2016\/06\/Vortrag-Prof.-Gelberd-5-300x169.jpg\" alt=\"Vortrag Prof. Gelberd (5)\" width=\"300\" height=\"169\" srcset=\"https:\/\/www.rg16.at\/wp-content\/uploads\/2016\/06\/Vortrag-Prof.-Gelberd-5-300x169.jpg 300w, https:\/\/www.rg16.at\/wp-content\/uploads\/2016\/06\/Vortrag-Prof.-Gelberd-5-768x432.jpg 768w, https:\/\/www.rg16.at\/wp-content\/uploads\/2016\/06\/Vortrag-Prof.-Gelberd-5-1024x576.jpg 1024w, https:\/\/www.rg16.at\/wp-content\/uploads\/2016\/06\/Vortrag-Prof.-Gelberd-5.jpg 1280w\" sizes=\"(max-width: 300px) 100vw, 300px\" \/><\/a><\/p>\n<p>PARZER Julia-Melanie, 8A<\/p>\n","protected":false},"excerpt":{"rendered":"<p>ZEITZEUGE PROFESSOR RUDOLF GELBARD AM BRG 16 Einer der wenigen \u00fcberlebenden Zeitzeugen, welcher die Qualen der NS-Zeit miterlebt hat, besuchte am 19.04.2016 das BRG 16 und hielt einen Vortrag. Professor Rudolf Gelbard wurde am 04. Dezember 1930 in Wien geboren<\/p>\n","protected":false},"author":2,"featured_media":4169,"comment_status":"closed","ping_status":"closed","sticky":false,"template":"","format":"standard","meta":[],"categories":[1],"tags":[109],"_links":{"self":[{"href":"https:\/\/www.rg16.at\/index.php\/wp-json\/wp\/v2\/posts\/4165"}],"collection":[{"href":"https:\/\/www.rg16.at\/index.php\/wp-json\/wp\/v2\/posts"}],"about":[{"href":"https:\/\/www.rg16.at\/index.php\/wp-json\/wp\/v2\/types\/post"}],"author":[{"embeddable":true,"href":"https:\/\/www.rg16.at\/index.php\/wp-json\/wp\/v2\/users\/2"}],"replies":[{"embeddable":true,"href":"https:\/\/www.rg16.at\/index.php\/wp-json\/wp\/v2\/comments?post=4165"}],"version-history":[{"count":1,"href":"https:\/\/www.rg16.at\/index.php\/wp-json\/wp\/v2\/posts\/4165\/revisions"}],"predecessor-version":[{"id":4170,"href":"https:\/\/www.rg16.at\/index.php\/wp-json\/wp\/v2\/posts\/4165\/revisions\/4170"}],"wp:featuredmedia":[{"embeddable":true,"href":"https:\/\/www.rg16.at\/index.php\/wp-json\/wp\/v2\/media\/4169"}],"wp:attachment":[{"href":"https:\/\/www.rg16.at\/index.php\/wp-json\/wp\/v2\/media?parent=4165"}],"wp:term":[{"taxonomy":"category","embeddable":true,"href":"https:\/\/www.rg16.at\/index.php\/wp-json\/wp\/v2\/categories?post=4165"},{"taxonomy":"post_tag","embeddable":true,"href":"https:\/\/www.rg16.at\/index.php\/wp-json\/wp\/v2\/tags?post=4165"}],"curies":[{"name":"wp","href":"https:\/\/api.w.org\/{rel}","templated":true}]}}