{"id":14892,"date":"2023-10-08T12:31:02","date_gmt":"2023-10-08T10:31:02","guid":{"rendered":"https:\/\/www.rg16.at\/?p=14892"},"modified":"2024-10-21T20:57:18","modified_gmt":"2024-10-21T18:57:18","slug":"tag-der-wiener-schulen-und-tag-der-offenen-tuer","status":"publish","type":"post","link":"https:\/\/www.rg16.at\/index.php\/2023\/10\/08\/tag-der-wiener-schulen-und-tag-der-offenen-tuer\/","title":{"rendered":"Tag der Wiener Schulen und Tag der offenen T\u00fcr 2023"},"content":{"rendered":"<div class=\"flex flex-grow flex-col gap-3 max-w-full\">\n<div class=\"min-h-[20px] flex flex-col items-start gap-3 whitespace-pre-wrap break-words overflow-x-auto\">\n<div class=\"markdown prose w-full break-words dark:prose-invert dark\">\n<p>Am Mittwoch, den <strong>11. Oktober 2023<\/strong>, haben Sie die Gelegenheit, unsere Schule beim <strong>Tag der Wiener Schulen<\/strong> von 9 bis 13 Uhr kennenzulernen. Besuchen Sie unser Info-Center und tauchen Sie in die Welt unserer Bildungseinrichtung ein. Die Klassenzimmert\u00fcren stehen offen, und Sie k\u00f6nnen den regul\u00e4ren Unterricht hautnah miterleben.<\/p>\n<p>Merken Sie sich auch den <strong>10. November 2023<\/strong> vor, denn an diesem Tag laden wir herzlich zum <strong>Tag der offenen T\u00fcr<\/strong> ein. Unsere Sch\u00fcler*innen f\u00fchren Sie durch das Schulgeb\u00e4ude und stehen Ihnen f\u00fcr Fragen zur Verf\u00fcgung. Es erwarten Sie verschiedene Stationen, an denen Sie aktiv teilnehmen k\u00f6nnen, um unsere Schule besser kennenzulernen.<\/p>\n<p>Wir freuen uns auf Ihren Besuch!<\/p>\n<\/div>\n<\/div>\n<\/div>\n","protected":false},"excerpt":{"rendered":"<p>Am Mittwoch, den 11. Oktober 2023, haben Sie die Gelegenheit, unsere Schule beim Tag der Wiener Schulen von 9 bis 13 Uhr kennenzulernen. Besuchen Sie unser Info-Center und tauchen Sie in die Welt unserer Bildungseinrichtung ein. Die Klassenzimmert\u00fcren stehen offen,<\/p>\n","protected":false},"author":27,"featured_media":6326,"comment_status":"closed","ping_status":"closed","sticky":false,"template":"","format":"standard","meta":[],"categories":[1],"tags":[],"_links":{"self":[{"href":"https:\/\/www.rg16.at\/index.php\/wp-json\/wp\/v2\/posts\/14892"}],"collection":[{"href":"https:\/\/www.rg16.at\/index.php\/wp-json\/wp\/v2\/posts"}],"about":[{"href":"https:\/\/www.rg16.at\/index.php\/wp-json\/wp\/v2\/types\/post"}],"author":[{"embeddable":true,"href":"https:\/\/www.rg16.at\/index.php\/wp-json\/wp\/v2\/users\/27"}],"replies":[{"embeddable":true,"href":"https:\/\/www.rg16.at\/index.php\/wp-json\/wp\/v2\/comments?post=14892"}],"version-history":[{"count":4,"href":"https:\/\/www.rg16.at\/index.php\/wp-json\/wp\/v2\/posts\/14892\/revisions"}],"predecessor-version":[{"id":15748,"href":"https:\/\/www.rg16.at\/index.php\/wp-json\/wp\/v2\/posts\/14892\/revisions\/15748"}],"wp:featuredmedia":[{"embeddable":true,"href":"https:\/\/www.rg16.at\/index.php\/wp-json\/wp\/v2\/media\/6326"}],"wp:attachment":[{"href":"https:\/\/www.rg16.at\/index.php\/wp-json\/wp\/v2\/media?parent=14892"}],"wp:term":[{"taxonomy":"category","embeddable":true,"href":"https:\/\/www.rg16.at\/index.php\/wp-json\/wp\/v2\/categories?post=14892"},{"taxonomy":"post_tag","embeddable":true,"href":"https:\/\/www.rg16.at\/index.php\/wp-json\/wp\/v2\/tags?post=14892"}],"curies":[{"name":"wp","href":"https:\/\/api.w.org\/{rel}","templated":true}]}}