{"id":12082,"date":"2020-09-05T21:31:01","date_gmt":"2020-09-05T19:31:01","guid":{"rendered":"https:\/\/www.rg16.at\/?p=12082"},"modified":"2020-09-05T21:46:22","modified_gmt":"2020-09-05T19:46:22","slug":"start-in-das-schuljahr-2020-21","status":"publish","type":"post","link":"https:\/\/www.rg16.at\/index.php\/2020\/09\/05\/start-in-das-schuljahr-2020-21\/","title":{"rendered":"Start in das Schuljahr 2020\/21"},"content":{"rendered":"<p style=\"text-align: left;\"><strong>Wir w\u00fcnschen allen Sch\u00fclerinnen und Sch\u00fclern einen m\u00f6glichst normalen Start in das neue Schuljahr! <\/strong>Die neue Schuhmeie und alle bereits fixierten Termine sind online!<br \/>\n<strong>Zu Schulbeginn steht die Corona-Ampel in Wien auf gelb.\u00a0 Au\u00dferhalb der Klassenr\u00e4ume\u00a0 ist daher im gesamten Schulgeb\u00e4ude ein Mundnasenschutz zu tragen!<\/strong><\/p>\n<p><img decoding=\"async\" loading=\"lazy\" class=\"size-full wp-image-12072 alignleft\" src=\"https:\/\/www.rg16.at\/wp-content\/uploads\/2020\/09\/Ampelgelb.jpg\" alt=\"\" width=\"600\" height=\"322\" srcset=\"https:\/\/www.rg16.at\/wp-content\/uploads\/2020\/09\/Ampelgelb.jpg 600w, https:\/\/www.rg16.at\/wp-content\/uploads\/2020\/09\/Ampelgelb-300x161.jpg 300w\" sizes=\"(max-width: 600px) 100vw, 600px\" \/><\/p>\n<p>&nbsp;<\/p>\n<p>&nbsp;<\/p>\n","protected":false},"excerpt":{"rendered":"<p>Wir w\u00fcnschen allen Sch\u00fclerinnen und Sch\u00fclern einen m\u00f6glichst normalen Start in das neue Schuljahr! Die neue Schuhmeie und alle bereits fixierten Termine sind online! Zu Schulbeginn steht die Corona-Ampel in Wien auf gelb.\u00a0 Au\u00dferhalb der Klassenr\u00e4ume\u00a0 ist daher im gesamten<\/p>\n","protected":false},"author":3,"featured_media":12089,"comment_status":"closed","ping_status":"closed","sticky":false,"template":"","format":"standard","meta":[],"categories":[1],"tags":[],"_links":{"self":[{"href":"https:\/\/www.rg16.at\/index.php\/wp-json\/wp\/v2\/posts\/12082"}],"collection":[{"href":"https:\/\/www.rg16.at\/index.php\/wp-json\/wp\/v2\/posts"}],"about":[{"href":"https:\/\/www.rg16.at\/index.php\/wp-json\/wp\/v2\/types\/post"}],"author":[{"embeddable":true,"href":"https:\/\/www.rg16.at\/index.php\/wp-json\/wp\/v2\/users\/3"}],"replies":[{"embeddable":true,"href":"https:\/\/www.rg16.at\/index.php\/wp-json\/wp\/v2\/comments?post=12082"}],"version-history":[{"count":10,"href":"https:\/\/www.rg16.at\/index.php\/wp-json\/wp\/v2\/posts\/12082\/revisions"}],"predecessor-version":[{"id":12085,"href":"https:\/\/www.rg16.at\/index.php\/wp-json\/wp\/v2\/posts\/12082\/revisions\/12085"}],"wp:featuredmedia":[{"embeddable":true,"href":"https:\/\/www.rg16.at\/index.php\/wp-json\/wp\/v2\/media\/12089"}],"wp:attachment":[{"href":"https:\/\/www.rg16.at\/index.php\/wp-json\/wp\/v2\/media?parent=12082"}],"wp:term":[{"taxonomy":"category","embeddable":true,"href":"https:\/\/www.rg16.at\/index.php\/wp-json\/wp\/v2\/categories?post=12082"},{"taxonomy":"post_tag","embeddable":true,"href":"https:\/\/www.rg16.at\/index.php\/wp-json\/wp\/v2\/tags?post=12082"}],"curies":[{"name":"wp","href":"https:\/\/api.w.org\/{rel}","templated":true}]}}