{"id":10053,"date":"2019-09-25T18:34:16","date_gmt":"2019-09-25T16:34:16","guid":{"rendered":"https:\/\/www.rg16.at\/?p=10053"},"modified":"2019-10-01T06:50:04","modified_gmt":"2019-10-01T04:50:04","slug":"klimaaktionswoche","status":"publish","type":"post","link":"https:\/\/www.rg16.at\/index.php\/2019\/09\/25\/klimaaktionswoche\/","title":{"rendered":"Klimaaktionswoche"},"content":{"rendered":"<p>Anl\u00e4sslich des Climate Action Summit (=UN-Weltklimagipfel) in New York fand von 20.-27. September weltweit die Klimaaktionswoche statt. Ein Banner am Schulgeb\u00e4ude und eine Tafel mit Infos zu den Themenschwerpunkten machte die gesamte Woche auch im BRG16 darauf aufmerksam. Auch die Bibliothek lieferte mit ihren Neuerscheinungen und einem neuen Klimawandel\/-schutz-Regal weiterf\u00fchrende Lekt\u00fcre f\u00fcr die eigene Recherche. Den Beginn sowie auch den Abschluss dieser Woche bildete je eine Demonstration, in dem in \u00d6sterreich so viele Menschen wie noch nie f\u00fcr st\u00e4rkeren Klimaschutz und eine gute Zukunft protestierten. Auch einige Klassen unserer Schule beteiligten sich daran.<\/p>\n\n\t\t<div id='gallery-1' class='gallery galleryid-10053 gallery-columns-3 gallery-size-thumbnail gallery1'><script type=\"text\/javascript\">\r\n\/\/ <![CDATA[\r\n\tjQuery(document).ready(function () {\r\n\t\tjQuery(\".gallery1 a\").attr(\"rel\",\"gallery1\");\t\r\n\t\tjQuery('a[rel=\"gallery1\"]').colorbox({maxWidth:\"95%\", maxHeight:\"95%\",title: function(){ return jQuery(this).children().attr(\"alt\"); }, });\r\n\t});\r\n\/\/ ]]>\r\n<\/script>\n<dl class=\"gallery-item\">\n<dt class=\"gallery-icon\">\r\n<a href=\"https:\/\/www.rg16.at\/wp-content\/uploads\/2019\/09\/IMG_20190920_150525.jpg\" title=\"\" rel=\"gallery1\"><img src=\"https:\/\/www.rg16.at\/wp-content\/uploads\/2019\/09\/IMG_20190920_150525-150x150.jpg\" width=\"150\" height=\"150\" alt=\"\" \/><\/a>\r\n<\/dt><\/dl><dl class=\"gallery-item\">\n<dt class=\"gallery-icon\">\r\n<a href=\"https:\/\/www.rg16.at\/wp-content\/uploads\/2019\/09\/IMG_20190925_114033.jpg\" title=\"\" rel=\"gallery1\"><img src=\"https:\/\/www.rg16.at\/wp-content\/uploads\/2019\/09\/IMG_20190925_114033-150x150.jpg\" width=\"150\" height=\"150\" alt=\"\" \/><\/a>\r\n<\/dt><\/dl><dl class=\"gallery-item\">\n<dt class=\"gallery-icon\">\r\n<a href=\"https:\/\/www.rg16.at\/wp-content\/uploads\/2019\/09\/IMG_20190925_114150.jpg\" title=\"\" rel=\"gallery1\"><img src=\"https:\/\/www.rg16.at\/wp-content\/uploads\/2019\/09\/IMG_20190925_114150-150x150.jpg\" width=\"150\" height=\"150\" alt=\"\" \/><\/a>\r\n<\/dt><\/dl><br style=\"clear: both\" \/><dl class=\"gallery-item\">\n<dt class=\"gallery-icon\">\r\n<a href=\"https:\/\/www.rg16.at\/wp-content\/uploads\/2019\/09\/Week_Future_Mobilit\u00e4t.png\" title=\"\" rel=\"gallery1\"><img src=\"https:\/\/www.rg16.at\/wp-content\/uploads\/2019\/09\/Week_Future_Mobilit\u00e4t-150x150.png\" width=\"150\" height=\"150\" alt=\"\" \/><\/a>\r\n<\/dt><\/dl><dl class=\"gallery-item\">\n<dt class=\"gallery-icon\">\r\n<a href=\"https:\/\/www.rg16.at\/wp-content\/uploads\/2019\/09\/IMG_20190924_113826.jpg\" title=\"\" rel=\"gallery1\"><img src=\"https:\/\/www.rg16.at\/wp-content\/uploads\/2019\/09\/IMG_20190924_113826-150x150.jpg\" width=\"150\" height=\"150\" alt=\"\" \/><\/a>\r\n<\/dt><\/dl><dl class=\"gallery-item\">\n<dt class=\"gallery-icon\">\r\n<a href=\"https:\/\/www.rg16.at\/wp-content\/uploads\/2019\/09\/index.jpg\" title=\"\" rel=\"gallery1\"><img src=\"https:\/\/www.rg16.at\/wp-content\/uploads\/2019\/09\/index-150x150.jpg\" width=\"150\" height=\"150\" alt=\"\" \/><\/a>\r\n<\/dt><\/dl><br style=\"clear: both\" \/><dl class=\"gallery-item\">\n<dt class=\"gallery-icon\">\r\n<a href=\"https:\/\/www.rg16.at\/wp-content\/uploads\/2019\/09\/Week_Future_Klima_Flucht.png\" title=\"\" rel=\"gallery1\"><img src=\"https:\/\/www.rg16.at\/wp-content\/uploads\/2019\/09\/Week_Future_Klima_Flucht-150x150.png\" width=\"150\" height=\"150\" alt=\"\" \/><\/a>\r\n<\/dt><\/dl><dl class=\"gallery-item\">\n<dt class=\"gallery-icon\">\r\n<a href=\"https:\/\/www.rg16.at\/wp-content\/uploads\/2019\/09\/IMG_20190930_154207.jpg\" title=\"\" rel=\"gallery1\"><img src=\"https:\/\/www.rg16.at\/wp-content\/uploads\/2019\/09\/IMG_20190930_154207-150x150.jpg\" width=\"150\" height=\"150\" alt=\"\" \/><\/a>\r\n<\/dt><\/dl><dl class=\"gallery-item\">\n<dt class=\"gallery-icon\">\r\n<a href=\"https:\/\/www.rg16.at\/wp-content\/uploads\/2019\/09\/IMG_20190920_153847.jpg\" title=\"\" rel=\"gallery1\"><img src=\"https:\/\/www.rg16.at\/wp-content\/uploads\/2019\/09\/IMG_20190920_153847-150x150.jpg\" width=\"150\" height=\"150\" alt=\"\" \/><\/a>\r\n<\/dt><\/dl><br style=\"clear: both\" \/><dl class=\"gallery-item\">\n<dt class=\"gallery-icon\">\r\n<a href=\"https:\/\/www.rg16.at\/wp-content\/uploads\/2019\/09\/IMG_20190927_123155.jpg\" title=\"\" rel=\"gallery1\"><img src=\"https:\/\/www.rg16.at\/wp-content\/uploads\/2019\/09\/IMG_20190927_123155-150x150.jpg\" width=\"150\" height=\"150\" alt=\"\" \/><\/a>\r\n<\/dt><\/dl><dl class=\"gallery-item\">\n<dt class=\"gallery-icon\">\r\n<a href=\"https:\/\/www.rg16.at\/wp-content\/uploads\/2019\/09\/IMG_20190927_113357.jpg\" title=\"\" rel=\"gallery1\"><img src=\"https:\/\/www.rg16.at\/wp-content\/uploads\/2019\/09\/IMG_20190927_113357-150x150.jpg\" width=\"150\" height=\"150\" alt=\"\" \/><\/a>\r\n<\/dt><\/dl><dl class=\"gallery-item\">\n<dt class=\"gallery-icon\">\r\n<a href=\"https:\/\/www.rg16.at\/wp-content\/uploads\/2019\/09\/IMG_20190927_112147.jpg\" title=\"\" rel=\"gallery1\"><img src=\"https:\/\/www.rg16.at\/wp-content\/uploads\/2019\/09\/IMG_20190927_112147-150x150.jpg\" width=\"150\" height=\"150\" alt=\"\" \/><\/a>\r\n<\/dt><\/dl><br style=\"clear: both\" \/>\r\n\t\t<\/div>\n\n<p>&nbsp;<\/p>\n<p>&nbsp;<\/p>\n","protected":false},"excerpt":{"rendered":"<p>Anl\u00e4sslich des Climate Action Summit (=UN-Weltklimagipfel) in New York fand von 20.-27. September weltweit die Klimaaktionswoche statt. Ein Banner am Schulgeb\u00e4ude und eine Tafel mit Infos zu den Themenschwerpunkten machte die gesamte Woche auch im BRG16 darauf aufmerksam. Auch die<\/p>\n","protected":false},"author":46,"featured_media":10106,"comment_status":"closed","ping_status":"closed","sticky":false,"template":"","format":"standard","meta":[],"categories":[1],"tags":[],"_links":{"self":[{"href":"https:\/\/www.rg16.at\/index.php\/wp-json\/wp\/v2\/posts\/10053"}],"collection":[{"href":"https:\/\/www.rg16.at\/index.php\/wp-json\/wp\/v2\/posts"}],"about":[{"href":"https:\/\/www.rg16.at\/index.php\/wp-json\/wp\/v2\/types\/post"}],"author":[{"embeddable":true,"href":"https:\/\/www.rg16.at\/index.php\/wp-json\/wp\/v2\/users\/46"}],"replies":[{"embeddable":true,"href":"https:\/\/www.rg16.at\/index.php\/wp-json\/wp\/v2\/comments?post=10053"}],"version-history":[{"count":8,"href":"https:\/\/www.rg16.at\/index.php\/wp-json\/wp\/v2\/posts\/10053\/revisions"}],"predecessor-version":[{"id":10120,"href":"https:\/\/www.rg16.at\/index.php\/wp-json\/wp\/v2\/posts\/10053\/revisions\/10120"}],"wp:featuredmedia":[{"embeddable":true,"href":"https:\/\/www.rg16.at\/index.php\/wp-json\/wp\/v2\/media\/10106"}],"wp:attachment":[{"href":"https:\/\/www.rg16.at\/index.php\/wp-json\/wp\/v2\/media?parent=10053"}],"wp:term":[{"taxonomy":"category","embeddable":true,"href":"https:\/\/www.rg16.at\/index.php\/wp-json\/wp\/v2\/categories?post=10053"},{"taxonomy":"post_tag","embeddable":true,"href":"https:\/\/www.rg16.at\/index.php\/wp-json\/wp\/v2\/tags?post=10053"}],"curies":[{"name":"wp","href":"https:\/\/api.w.org\/{rel}","templated":true}]}}